{"id":411,"date":"2022-02-21T15:30:29","date_gmt":"2022-02-21T15:30:29","guid":{"rendered":"http:\/\/zkredawszpilkach.edu.pl\/?p=411"},"modified":"2024-04-21T08:18:16","modified_gmt":"2024-04-21T08:18:16","slug":"powrot-do-pisania__trashed","status":"publish","type":"post","link":"http:\/\/zkredawszpilkach.edu.pl\/?p=411","title":{"rendered":"Powr\u00f3t do pisania :)"},"content":{"rendered":"\n<p>Witajcie po tak d\u0142ugiej przerwie, je\u017celi zostali\u015bcie ze mn\u0105 i czekacie na moje dalsze wpisy to bardzo si\u0119 z tego powodu ciesz\u0119. Zauwa\u017cy\u0142am r\u00f3wnie\u017c, \u017ce jest Was coraz wi\u0119cej co daje mi kolejny pow\u00f3d do szcz\u0119\u015bcia, i motywacj\u0119 by dalej prowadzi\u0107 bloga. Powodem mojego braku aktywno\u015bci jest pojawienie si\u0119 w moim \u017cyciu ma\u0142ego Skarba, kt\u00f3ry ma na imi\u0119 Julian. Urlop macierzy\u0144ski nie u\u0142atwia sprawy i powoduje, \u017ce nie jestem na bie\u017c\u0105co w tematach szkolnych, dlatego te\u017c jakby si\u0119 wy\u0142\u0105czy\u0142am, po drugie czy ju\u017c po trzecie wiadomo jako to jest z czasem, a nawet jak jest to czasami po prostu trzeba odpocz\u0105\u0107, zrelaksowa\u0107 si\u0119  i nie chce si\u0119 siada\u0107 do komputera i czego\u015b tworzy\u0107.<\/p>\n\n\n\n<div class=\"wp-block-columns is-layout-flex wp-container-core-columns-is-layout-9d6595d7 wp-block-columns-is-layout-flex\"><\/div>\n\n\n\n<p>Ale postanowi\u0142am, \u017ce b\u0119d\u0119 pr\u00f3bowa\u0142a raz w tygodniu, no dobra mo\u017ce raz na dwa tygodnie co\u015b doda\u0107, ale je\u017celi mi si\u0119 nie uda to wybaczcie. Do tego wpisu siada\u0142am par\u0119 razy, bo si\u0119 ma\u0142y budzi\u0142 \ud83d\ude42<\/p>\n\n\n\n<div class=\"wp-block-columns is-layout-flex wp-container-core-columns-is-layout-9d6595d7 wp-block-columns-is-layout-flex\"><\/div>\n\n\n\n<p>Mo\u017ce macie jakie\u015b propozycje temat\u00f3w do kt\u00f3rych mog\u0142abym co\u015b stworzy\u0107 \ud83d\ude42<\/p>\n\n\n\n<div class=\"wp-block-columns is-layout-flex wp-container-core-columns-is-layout-9d6595d7 wp-block-columns-is-layout-flex\"><\/div>\n\n\n\n<p>Nied\u0142ugo zamieszcz\u0119 artyku\u0142 dotycz\u0105cy sprawozdania awansu zawodowego na nauczyciela mianowanego.<\/p>\n\n\n\n<div class=\"wp-block-columns is-layout-flex wp-container-core-columns-is-layout-9d6595d7 wp-block-columns-is-layout-flex\"><\/div>\n\n\n\n<p>Do us\u0142yszenia! Dajcie zna\u0107 w komentarzach, co mog\u0142abym dla Was przygotowa\u0107, a postaram si\u0119 to zrobi\u0107, jak przyjdzie mi do g\u0142owy jaki\u015b pomys\u0142 i Ma\u0142y na to pozwoli.<\/p>\n\n\n\n<div class=\"wp-block-columns is-layout-flex wp-container-core-columns-is-layout-9d6595d7 wp-block-columns-is-layout-flex\"><\/div>\n\n\n\n<p>Trzymajcie si\u0119 cieplutko.<\/p>\n","protected":false},"excerpt":{"rendered":"<p>Witajcie po tak d\u0142ugiej przerwie, je\u017celi zostali\u015bcie ze mn\u0105 i czekacie na moje dalsze wpisy to bardzo si\u0119 z tego powodu ciesz\u0119. Zauwa\u017cy\u0142am r\u00f3wnie\u017c, \u017ce jest Was coraz wi\u0119cej co daje mi kolejny pow\u00f3d do szcz\u0119\u015bcia, i motywacj\u0119 by dalej prowadzi\u0107 bloga. Powodem mojego braku aktywno\u015bci jest pojawienie si\u0119 w moim \u017cyciu ma\u0142ego Skarba, kt\u00f3ry ma na imi\u0119 Julian. Urlop macierzy\u0144ski nie u\u0142atwia sprawy i powoduje, \u017ce nie jestem na bie\u017c\u0105co w tematach szkolnych, dlatego te\u017c jakby si\u0119 wy\u0142\u0105czy\u0142am, po drugie czy ju\u017c po trzecie wiadomo jako to jest z czasem, a nawet jak jest to czasami po prostu trzeba odpocz\u0105\u0107, zrelaksowa\u0107 si\u0119 i nie chce si\u0119 siada\u0107 do komputera i czego\u015b tworzy\u0107. Ale postanowi\u0142am, \u017ce b\u0119d\u0119 pr\u00f3bowa\u0142a raz w tygodniu, no dobra mo\u017ce raz na dwa tygodnie co\u015b doda\u0107, ale je\u017celi mi si\u0119 nie uda to wybaczcie. Do tego wpisu siada\u0142am par\u0119 razy, bo si\u0119 ma\u0142y budzi\u0142 \ud83d\ude42 Mo\u017ce macie jakie\u015b propozycje temat\u00f3w do kt\u00f3rych mog\u0142abym co\u015b stworzy\u0107 \ud83d\ude42 Nied\u0142ugo zamieszcz\u0119 artyku\u0142 dotycz\u0105cy sprawozdania awansu zawodowego na nauczyciela mianowanego. Do us\u0142yszenia! Dajcie zna\u0107 w komentarzach, co mog\u0142abym dla Was przygotowa\u0107, a postaram si\u0119 to zrobi\u0107, jak przyjdzie mi do g\u0142owy jaki\u015b pomys\u0142 i Ma\u0142y na to pozwoli. Trzymajcie si\u0119 cieplutko.<\/p>\n","protected":false},"author":7,"featured_media":412,"comment_status":"open","ping_status":"open","sticky":false,"template":"","format":"standard","meta":{"footnotes":""},"categories":[1],"tags":[142,143,144],"class_list":["post-411","post","type-post","status-publish","format-standard","has-post-thumbnail","hentry","category-uncategorized","tag-powrot","tag-propozycje","tag-tematy"],"_links":{"self":[{"href":"http:\/\/zkredawszpilkach.edu.pl\/index.php?rest_route=\/wp\/v2\/posts\/411","targetHints":{"allow":["GET"]}}],"collection":[{"href":"http:\/\/zkredawszpilkach.edu.pl\/index.php?rest_route=\/wp\/v2\/posts"}],"about":[{"href":"http:\/\/zkredawszpilkach.edu.pl\/index.php?rest_route=\/wp\/v2\/types\/post"}],"author":[{"embeddable":true,"href":"http:\/\/zkredawszpilkach.edu.pl\/index.php?rest_route=\/wp\/v2\/users\/7"}],"replies":[{"embeddable":true,"href":"http:\/\/zkredawszpilkach.edu.pl\/index.php?rest_route=%2Fwp%2Fv2%2Fcomments&post=411"}],"version-history":[{"count":8,"href":"http:\/\/zkredawszpilkach.edu.pl\/index.php?rest_route=\/wp\/v2\/posts\/411\/revisions"}],"predecessor-version":[{"id":474,"href":"http:\/\/zkredawszpilkach.edu.pl\/index.php?rest_route=\/wp\/v2\/posts\/411\/revisions\/474"}],"wp:featuredmedia":[{"embeddable":true,"href":"http:\/\/zkredawszpilkach.edu.pl\/index.php?rest_route=\/wp\/v2\/media\/412"}],"wp:attachment":[{"href":"http:\/\/zkredawszpilkach.edu.pl\/index.php?rest_route=%2Fwp%2Fv2%2Fmedia&parent=411"}],"wp:term":[{"taxonomy":"category","embeddable":true,"href":"http:\/\/zkredawszpilkach.edu.pl\/index.php?rest_route=%2Fwp%2Fv2%2Fcategories&post=411"},{"taxonomy":"post_tag","embeddable":true,"href":"http:\/\/zkredawszpilkach.edu.pl\/index.php?rest_route=%2Fwp%2Fv2%2Ftags&post=411"}],"curies":[{"name":"wp","href":"https:\/\/api.w.org\/{rel}","templated":true}]}}